{"id":884,"date":"2017-08-16T20:00:15","date_gmt":"2017-08-16T18:00:15","guid":{"rendered":"https:\/\/kerenhajessod.ch\/?p=884"},"modified":"2023-05-11T15:49:00","modified_gmt":"2023-05-11T13:49:00","slug":"youth-futures","status":"publish","type":"post","link":"https:\/\/kerenhajessod.ch\/en\/youth-futures\/","title":{"rendered":"Youth Futures"},"content":{"rendered":"\t\t<div data-elementor-type=\"wp-post\" data-elementor-id=\"884\" class=\"elementor elementor-884 elementor-86\" data-elementor-post-type=\"post\">\n\t\t\t\t\t\t<section class=\"elementor-section elementor-top-section elementor-element elementor-element-423232b elementor-section-boxed elementor-section-height-default elementor-section-height-default\" data-id=\"423232b\" data-element_type=\"section\">\n\t\t\t\t\t\t<div class=\"elementor-container elementor-column-gap-default\">\n\t\t\t\t\t<div class=\"elementor-column elementor-col-100 elementor-top-column elementor-element elementor-element-f6427e1\" data-id=\"f6427e1\" data-element_type=\"column\">\n\t\t\t<div class=\"elementor-widget-wrap elementor-element-populated\">\n\t\t\t\t\t\t<div class=\"elementor-element elementor-element-eaf1dcf elementor-widget elementor-widget-heading\" data-id=\"eaf1dcf\" data-element_type=\"widget\" data-widget_type=\"heading.default\">\n\t\t\t\t<div class=\"elementor-widget-container\">\n\t\t\t\t\t<h3 class=\"elementor-heading-title elementor-size-default\">YOUTH FUTURES<\/h3>\t\t\t\t<\/div>\n\t\t\t\t<\/div>\n\t\t\t\t<div class=\"elementor-element elementor-element-77f61d8 elementor-widget elementor-widget-heading\" data-id=\"77f61d8\" data-element_type=\"widget\" data-widget_type=\"heading.default\">\n\t\t\t\t<div class=\"elementor-widget-container\">\n\t\t\t\t\t<h4 class=\"elementor-heading-title elementor-size-default\">Giving children a future<\/h4>\t\t\t\t<\/div>\n\t\t\t\t<\/div>\n\t\t\t\t\t<\/div>\n\t\t<\/div>\n\t\t\t\t\t<\/div>\n\t\t<\/section>\n\t\t\t\t<section class=\"elementor-section elementor-top-section elementor-element elementor-element-e781300 elementor-section-boxed elementor-section-height-default elementor-section-height-default\" data-id=\"e781300\" data-element_type=\"section\">\n\t\t\t\t\t\t<div class=\"elementor-container elementor-column-gap-default\">\n\t\t\t\t\t<div class=\"elementor-column elementor-col-50 elementor-top-column elementor-element elementor-element-937838e\" data-id=\"937838e\" data-element_type=\"column\">\n\t\t\t<div class=\"elementor-widget-wrap elementor-element-populated\">\n\t\t\t\t\t\t<div class=\"elementor-element elementor-element-e09faa2 elementor-widget elementor-widget-heading\" data-id=\"e09faa2\" data-element_type=\"widget\" data-widget_type=\"heading.default\">\n\t\t\t\t<div class=\"elementor-widget-container\">\n\t\t\t\t\t<h5 class=\"elementor-heading-title elementor-size-default\">WHAT IS YOUTH FUTURES?\u200b\n<\/h5>\t\t\t\t<\/div>\n\t\t\t\t<\/div>\n\t\t\t\t<div class=\"elementor-element elementor-element-7c4506e5 elementor-widget elementor-widget-text-editor\" data-id=\"7c4506e5\" data-element_type=\"widget\" data-widget_type=\"text-editor.default\">\n\t\t\t\t<div class=\"elementor-widget-container\">\n\t\t\t\t\t\t\t\t\tThe project Youth Futures was created for \u201cchildren-at-risk\u201d. \u201cChildren-at-risk\u201d are children and youth under the age of 18 who, whether for personal reasons or because of their family situation, are not able to meet their potential. Especially affected are children from sections of society where educational achievement is low, children of single parents, as well as children from broken families or from areas where unemployment is high. In order to really help these children and youth, it is important to spot a potentially difficult situation as early as possible, and to act swiftly.<\/span><\/h2>\nThe initiative Youth Futures, established in 2005, aims to do exactly that. With the help of trained mentors who are already active in elementary schools, intervention is early and intense. Youth Futures gives these children their self-esteem back. They can once again hope, dream and be children.\nIn cooperation with the school, the parents and project leaders, a custom-made care and support program is devised. Thanks to a relationship with a new key worker, a so-called mentor, children are supported in their cognitive and emotional development, their worries and fears are taken seriously and their individual abilities encouraged. This way, they can rediscover a zest for life and gain perspective, a slide into crime and violence can be avoided.\n\nThe Youth Futures program is available all over Israel, from Afula and Akko to Be\u2019er Sheva, Lod and Sderot.\t\t\t\t\t\t\t\t<\/div>\n\t\t\t\t<\/div>\n\t\t\t\t\t<\/div>\n\t\t<\/div>\n\t\t\t\t<div class=\"elementor-column elementor-col-50 elementor-top-column elementor-element elementor-element-0796d12\" data-id=\"0796d12\" data-element_type=\"column\">\n\t\t\t<div class=\"elementor-widget-wrap elementor-element-populated\">\n\t\t\t\t\t\t<div class=\"elementor-element elementor-element-e0f145a elementor-widget elementor-widget-image\" data-id=\"e0f145a\" data-element_type=\"widget\" data-widget_type=\"image.default\">\n\t\t\t\t<div class=\"elementor-widget-container\">\n\t\t\t\t\t\t\t\t\t\t\t\t\t\t\t<img fetchpriority=\"high\" decoding=\"async\" width=\"800\" height=\"535\" src=\"https:\/\/kerenhajessod.ch\/wp-content\/uploads\/2017\/06\/Youth-Future-1024x685.jpg\" class=\"attachment-large size-large wp-image-244\" alt=\"\" srcset=\"https:\/\/kerenhajessod.ch\/wp-content\/uploads\/2017\/06\/Youth-Future-1024x685.jpg 1024w, https:\/\/kerenhajessod.ch\/wp-content\/uploads\/2017\/06\/Youth-Future-600x402.jpg 600w, https:\/\/kerenhajessod.ch\/wp-content\/uploads\/2017\/06\/Youth-Future-400x268.jpg 400w, https:\/\/kerenhajessod.ch\/wp-content\/uploads\/2017\/06\/Youth-Future-768x514.jpg 768w\" sizes=\"(max-width: 800px) 100vw, 800px\" \/>\t\t\t\t\t\t\t\t\t\t\t\t\t\t\t<\/div>\n\t\t\t\t<\/div>\n\t\t\t\t\t<\/div>\n\t\t<\/div>\n\t\t\t\t\t<\/div>\n\t\t<\/section>\n\t\t\t\t<section class=\"elementor-section elementor-top-section elementor-element elementor-element-f97a271 elementor-section-content-middle elementor-section-boxed elementor-section-height-default elementor-section-height-default\" data-id=\"f97a271\" data-element_type=\"section\">\n\t\t\t\t\t\t<div class=\"elementor-container elementor-column-gap-extended\">\n\t\t\t\t\t<div class=\"elementor-column elementor-col-50 elementor-top-column elementor-element elementor-element-8d2c841\" data-id=\"8d2c841\" data-element_type=\"column\">\n\t\t\t<div class=\"elementor-widget-wrap elementor-element-populated\">\n\t\t\t\t\t\t<div class=\"elementor-element elementor-element-f5ee630 elementor-widget elementor-widget-video\" data-id=\"f5ee630\" data-element_type=\"widget\" data-settings=\"{&quot;youtube_url&quot;:&quot;https:\\\/\\\/youtu.be\\\/-hFncE-sU9M&quot;,&quot;video_type&quot;:&quot;youtube&quot;,&quot;controls&quot;:&quot;yes&quot;}\" data-widget_type=\"video.default\">\n\t\t\t\t<div class=\"elementor-widget-container\">\n\t\t\t\t\t\t\t<div class=\"elementor-wrapper elementor-open-inline\">\n\t\t\t<div class=\"elementor-video\"><\/div>\t\t<\/div>\n\t\t\t\t\t\t<\/div>\n\t\t\t\t<\/div>\n\t\t\t\t\t<\/div>\n\t\t<\/div>\n\t\t\t\t<div class=\"elementor-column elementor-col-50 elementor-top-column elementor-element elementor-element-652db43\" data-id=\"652db43\" data-element_type=\"column\">\n\t\t\t<div class=\"elementor-widget-wrap elementor-element-populated\">\n\t\t\t\t\t\t<div class=\"elementor-element elementor-element-6e21460 elementor-widget elementor-widget-heading\" data-id=\"6e21460\" data-element_type=\"widget\" data-widget_type=\"heading.default\">\n\t\t\t\t<div class=\"elementor-widget-container\">\n\t\t\t\t\t<h5 class=\"elementor-heading-title elementor-size-default\">Why support Youth Futures Yokneam?<\/h5>\t\t\t\t<\/div>\n\t\t\t\t<\/div>\n\t\t\t\t<div class=\"elementor-element elementor-element-c8f66cb elementor-widget elementor-widget-text-editor\" data-id=\"c8f66cb\" data-element_type=\"widget\" data-widget_type=\"text-editor.default\">\n\t\t\t\t<div class=\"elementor-widget-container\">\n\t\t\t\t\t\t\t\t\tIn Yokneam, children are \u2013 not exactly ideally \u2013 cared for in various premises of the five schools. The program is coordinated from a small office located in the old community center. All in all, 111 children are benefitting from the Youth Futures program in Yokneam.\nUnfortunately, there are at least 30 children on the waiting list of each school, and to date, only acutely vulnerable children, so-called urgent cases, can be accepted. Thanks to KH Switzerland\u2019s pledge to the renovation of the old community center, it was possible to remove 32 children from the waiting list as an immediate measure, and the number of mentors was raised from seven to nine.\t\t\t\t\t\t\t\t<\/div>\n\t\t\t\t<\/div>\n\t\t\t\t\t<\/div>\n\t\t<\/div>\n\t\t\t\t\t<\/div>\n\t\t<\/section>\n\t\t\t\t<section class=\"elementor-section elementor-top-section elementor-element elementor-element-241fa7d elementor-section-content-middle elementor-section-boxed elementor-section-height-default elementor-section-height-default\" data-id=\"241fa7d\" data-element_type=\"section\">\n\t\t\t\t\t\t<div class=\"elementor-container elementor-column-gap-extended\">\n\t\t\t\t\t<div class=\"elementor-column elementor-col-50 elementor-top-column elementor-element elementor-element-accce14\" data-id=\"accce14\" data-element_type=\"column\">\n\t\t\t<div class=\"elementor-widget-wrap elementor-element-populated\">\n\t\t\t\t\t\t<div class=\"elementor-element elementor-element-001606e elementor-widget elementor-widget-heading\" data-id=\"001606e\" data-element_type=\"widget\" data-widget_type=\"heading.default\">\n\t\t\t\t<div class=\"elementor-widget-container\">\n\t\t\t\t\t<h5 class=\"elementor-heading-title elementor-size-default\">Outcomes of this project<\/h5>\t\t\t\t<\/div>\n\t\t\t\t<\/div>\n\t\t\t\t<div class=\"elementor-element elementor-element-29942f0 elementor-widget elementor-widget-text-editor\" data-id=\"29942f0\" data-element_type=\"widget\" data-widget_type=\"text-editor.default\">\n\t\t\t\t<div class=\"elementor-widget-container\">\n\t\t\t\t\t\t\t\t\tSince 2005, approximately 14\u2019000 underprivileged Israeli children are helped every year, at 36 locations. With the support of donors in Switzerland, KH is able to have a positive impact on the lives of many children. KH is committed to a future worth living for the children of Yokneam, their families and the community as a whole.\t\t\t\t\t\t\t\t<\/div>\n\t\t\t\t<\/div>\n\t\t\t\t\t<\/div>\n\t\t<\/div>\n\t\t\t\t<div class=\"elementor-column elementor-col-50 elementor-top-column elementor-element elementor-element-d57ad5d\" data-id=\"d57ad5d\" data-element_type=\"column\">\n\t\t\t<div class=\"elementor-widget-wrap elementor-element-populated\">\n\t\t\t\t\t\t<div class=\"elementor-element elementor-element-fb4b6da elementor-widget elementor-widget-image\" data-id=\"fb4b6da\" data-element_type=\"widget\" data-widget_type=\"image.default\">\n\t\t\t\t<div class=\"elementor-widget-container\">\n\t\t\t\t\t\t\t\t\t\t\t\t\t\t\t<img decoding=\"async\" width=\"800\" height=\"535\" src=\"https:\/\/kerenhajessod.ch\/wp-content\/uploads\/2017\/08\/Youth-Future-oder-auch-anderes-1024x685.jpg\" class=\"attachment-large size-large wp-image-230\" alt=\"\" srcset=\"https:\/\/kerenhajessod.ch\/wp-content\/uploads\/2017\/08\/Youth-Future-oder-auch-anderes-1024x685.jpg 1024w, https:\/\/kerenhajessod.ch\/wp-content\/uploads\/2017\/08\/Youth-Future-oder-auch-anderes-600x402.jpg 600w, https:\/\/kerenhajessod.ch\/wp-content\/uploads\/2017\/08\/Youth-Future-oder-auch-anderes-400x268.jpg 400w, https:\/\/kerenhajessod.ch\/wp-content\/uploads\/2017\/08\/Youth-Future-oder-auch-anderes-768x514.jpg 768w\" sizes=\"(max-width: 800px) 100vw, 800px\" \/>\t\t\t\t\t\t\t\t\t\t\t\t\t\t\t<\/div>\n\t\t\t\t<\/div>\n\t\t\t\t\t<\/div>\n\t\t<\/div>\n\t\t\t\t\t<\/div>\n\t\t<\/section>\n\t\t\t\t<section class=\"elementor-section elementor-top-section elementor-element elementor-element-fb56e01 elementor-section-boxed elementor-section-height-default elementor-section-height-default\" data-id=\"fb56e01\" data-element_type=\"section\">\n\t\t\t\t\t\t<div class=\"elementor-container elementor-column-gap-default\">\n\t\t\t\t\t<div class=\"elementor-column elementor-col-100 elementor-top-column elementor-element elementor-element-50977b29\" data-id=\"50977b29\" data-element_type=\"column\">\n\t\t\t<div class=\"elementor-widget-wrap\">\n\t\t\t\t\t\t\t<\/div>\n\t\t<\/div>\n\t\t\t\t\t<\/div>\n\t\t<\/section>\n\t\t\t\t<\/div>\n\t\t","protected":false},"excerpt":{"rendered":"<p>Das Projekt Youth Futures wurde f\u00fcr &#8220;children-at-risk&#8221; ins Leben gerufen. Dank Mentoren wird eine schwierige Situation fr\u00fch erkannt und f\u00fcr jedes Kind ein individuelles Betreuungs- und Unterst\u00fctzungsprogramm ausgearbeitet.<br \/>\n<a href=\"\/hilf-mit\/spenden\/\" class=\"btn\">Jetzt helfen<\/a><\/p>\n","protected":false},"author":1,"featured_media":3974,"comment_status":"closed","ping_status":"closed","sticky":false,"template":"","format":"standard","meta":{"footnotes":"","_links_to":"","_links_to_target":""},"categories":[19],"tags":[],"class_list":["post-884","post","type-post","status-publish","format-standard","has-post-thumbnail","hentry","category-projects"],"yoast_head":"<!-- This site is optimized with the Yoast SEO plugin v24.7 - https:\/\/yoast.com\/wordpress\/plugins\/seo\/ -->\n<title>Youth Futures &#8226; Keren Hajessod Schweiz<\/title>\n<meta name=\"robots\" content=\"index, follow, max-snippet:-1, max-image-preview:large, max-video-preview:-1\" \/>\n<link rel=\"canonical\" href=\"https:\/\/kerenhajessod.ch\/en\/youth-futures\/\" \/>\n<meta property=\"og:locale\" content=\"en_US\" \/>\n<meta property=\"og:type\" content=\"article\" \/>\n<meta property=\"og:title\" content=\"Youth Futures &#8226; Keren Hajessod Schweiz\" \/>\n<meta property=\"og:description\" content=\"Das Projekt Youth Futures wurde f\u00fcr &quot;children-at-risk&quot; ins Leben gerufen. Dank Mentoren wird eine schwierige Situation fr\u00fch erkannt und f\u00fcr jedes Kind ein individuelles Betreuungs- und Unterst\u00fctzungsprogramm ausgearbeitet. Jetzt helfen\" \/>\n<meta property=\"og:url\" content=\"https:\/\/kerenhajessod.ch\/en\/youth-futures\/\" \/>\n<meta property=\"og:site_name\" content=\"Keren Hajessod Schweiz\" \/>\n<meta property=\"article:publisher\" content=\"https:\/\/www.facebook.com\/kerenhajessod\/\" \/>\n<meta property=\"article:published_time\" content=\"2017-08-16T18:00:15+00:00\" \/>\n<meta property=\"article:modified_time\" content=\"2023-05-11T13:49:00+00:00\" \/>\n<meta property=\"og:image\" content=\"https:\/\/kerenhajessod.ch\/wp-content\/uploads\/2017\/06\/Youth-futures-CIA-slider-kind-v1-project.jpg\" \/>\n\t<meta property=\"og:image:width\" content=\"1400\" \/>\n\t<meta property=\"og:image:height\" content=\"426\" \/>\n\t<meta property=\"og:image:type\" content=\"image\/jpeg\" \/>\n<meta name=\"author\" content=\"adminkhnaloo\" \/>\n<meta name=\"twitter:card\" content=\"summary_large_image\" \/>\n<meta name=\"twitter:label1\" content=\"Written by\" \/>\n\t<meta name=\"twitter:data1\" content=\"adminkhnaloo\" \/>\n\t<meta name=\"twitter:label2\" content=\"Est. reading time\" \/>\n\t<meta name=\"twitter:data2\" content=\"3 minutes\" \/>\n<script type=\"application\/ld+json\" class=\"yoast-schema-graph\">{\"@context\":\"https:\/\/schema.org\",\"@graph\":[{\"@type\":\"Article\",\"@id\":\"https:\/\/kerenhajessod.ch\/en\/youth-futures\/#article\",\"isPartOf\":{\"@id\":\"https:\/\/kerenhajessod.ch\/en\/youth-futures\/\"},\"author\":{\"name\":\"adminkhnaloo\",\"@id\":\"https:\/\/kerenhajessod.ch\/#\/schema\/person\/1ade71ad227dd7b49708263c9d7d7c35\"},\"headline\":\"Youth Futures\",\"datePublished\":\"2017-08-16T18:00:15+00:00\",\"dateModified\":\"2023-05-11T13:49:00+00:00\",\"mainEntityOfPage\":{\"@id\":\"https:\/\/kerenhajessod.ch\/en\/youth-futures\/\"},\"wordCount\":417,\"publisher\":{\"@id\":\"https:\/\/kerenhajessod.ch\/#organization\"},\"image\":{\"@id\":\"https:\/\/kerenhajessod.ch\/en\/youth-futures\/#primaryimage\"},\"thumbnailUrl\":\"https:\/\/kerenhajessod.ch\/wp-content\/uploads\/2017\/06\/Youth-futures-CIA-slider-kind-v1-project.jpg\",\"articleSection\":[\"Projects\"],\"inLanguage\":\"en-US\"},{\"@type\":\"WebPage\",\"@id\":\"https:\/\/kerenhajessod.ch\/en\/youth-futures\/\",\"url\":\"https:\/\/kerenhajessod.ch\/en\/youth-futures\/\",\"name\":\"Youth Futures &#8226; Keren Hajessod Schweiz\",\"isPartOf\":{\"@id\":\"https:\/\/kerenhajessod.ch\/#website\"},\"primaryImageOfPage\":{\"@id\":\"https:\/\/kerenhajessod.ch\/en\/youth-futures\/#primaryimage\"},\"image\":{\"@id\":\"https:\/\/kerenhajessod.ch\/en\/youth-futures\/#primaryimage\"},\"thumbnailUrl\":\"https:\/\/kerenhajessod.ch\/wp-content\/uploads\/2017\/06\/Youth-futures-CIA-slider-kind-v1-project.jpg\",\"datePublished\":\"2017-08-16T18:00:15+00:00\",\"dateModified\":\"2023-05-11T13:49:00+00:00\",\"breadcrumb\":{\"@id\":\"https:\/\/kerenhajessod.ch\/en\/youth-futures\/#breadcrumb\"},\"inLanguage\":\"en-US\",\"potentialAction\":[{\"@type\":\"ReadAction\",\"target\":[\"https:\/\/kerenhajessod.ch\/en\/youth-futures\/\"]}]},{\"@type\":\"ImageObject\",\"inLanguage\":\"en-US\",\"@id\":\"https:\/\/kerenhajessod.ch\/en\/youth-futures\/#primaryimage\",\"url\":\"https:\/\/kerenhajessod.ch\/wp-content\/uploads\/2017\/06\/Youth-futures-CIA-slider-kind-v1-project.jpg\",\"contentUrl\":\"https:\/\/kerenhajessod.ch\/wp-content\/uploads\/2017\/06\/Youth-futures-CIA-slider-kind-v1-project.jpg\",\"width\":1400,\"height\":426},{\"@type\":\"BreadcrumbList\",\"@id\":\"https:\/\/kerenhajessod.ch\/en\/youth-futures\/#breadcrumb\",\"itemListElement\":[{\"@type\":\"ListItem\",\"position\":1,\"name\":\"Startseite\",\"item\":\"https:\/\/kerenhajessod.ch\/\"},{\"@type\":\"ListItem\",\"position\":2,\"name\":\"Youth Futures\"}]},{\"@type\":\"WebSite\",\"@id\":\"https:\/\/kerenhajessod.ch\/#website\",\"url\":\"https:\/\/kerenhajessod.ch\/\",\"name\":\"Keren Hajessod Schweiz\",\"description\":\"\",\"publisher\":{\"@id\":\"https:\/\/kerenhajessod.ch\/#organization\"},\"potentialAction\":[{\"@type\":\"SearchAction\",\"target\":{\"@type\":\"EntryPoint\",\"urlTemplate\":\"https:\/\/kerenhajessod.ch\/?s={search_term_string}\"},\"query-input\":{\"@type\":\"PropertyValueSpecification\",\"valueRequired\":true,\"valueName\":\"search_term_string\"}}],\"inLanguage\":\"en-US\"},{\"@type\":\"Organization\",\"@id\":\"https:\/\/kerenhajessod.ch\/#organization\",\"name\":\"Keren Hajessod Schweiz\",\"url\":\"https:\/\/kerenhajessod.ch\/\",\"logo\":{\"@type\":\"ImageObject\",\"inLanguage\":\"en-US\",\"@id\":\"https:\/\/kerenhajessod.ch\/#\/schema\/logo\/image\/\",\"url\":\"https:\/\/kerenhajessod.ch\/wp-content\/uploads\/2017\/09\/kh_blank_schmal.gif\",\"contentUrl\":\"https:\/\/kerenhajessod.ch\/wp-content\/uploads\/2017\/09\/kh_blank_schmal.gif\",\"width\":1400,\"height\":334,\"caption\":\"Keren Hajessod Schweiz\"},\"image\":{\"@id\":\"https:\/\/kerenhajessod.ch\/#\/schema\/logo\/image\/\"},\"sameAs\":[\"https:\/\/www.facebook.com\/kerenhajessod\/\",\"https:\/\/www.youtube.com\/playlist?list=PLanZ4Ba4_lOUcwXTRK7UeXQ6v_AipPIH2\"]},{\"@type\":\"Person\",\"@id\":\"https:\/\/kerenhajessod.ch\/#\/schema\/person\/1ade71ad227dd7b49708263c9d7d7c35\",\"name\":\"adminkhnaloo\",\"image\":{\"@type\":\"ImageObject\",\"inLanguage\":\"en-US\",\"@id\":\"https:\/\/kerenhajessod.ch\/#\/schema\/person\/image\/\",\"url\":\"https:\/\/secure.gravatar.com\/avatar\/79d7eba9afc954fba176e39986a2457e68c57efb937b0cf4da6956a6da148871?s=96&d=mm&r=g\",\"contentUrl\":\"https:\/\/secure.gravatar.com\/avatar\/79d7eba9afc954fba176e39986a2457e68c57efb937b0cf4da6956a6da148871?s=96&d=mm&r=g\",\"caption\":\"adminkhnaloo\"}}]}<\/script>\n<!-- \/ Yoast SEO plugin. -->","yoast_head_json":{"title":"Youth Futures &#8226; Keren Hajessod Schweiz","robots":{"index":"index","follow":"follow","max-snippet":"max-snippet:-1","max-image-preview":"max-image-preview:large","max-video-preview":"max-video-preview:-1"},"canonical":"https:\/\/kerenhajessod.ch\/en\/youth-futures\/","og_locale":"en_US","og_type":"article","og_title":"Youth Futures &#8226; Keren Hajessod Schweiz","og_description":"Das Projekt Youth Futures wurde f\u00fcr \"children-at-risk\" ins Leben gerufen. Dank Mentoren wird eine schwierige Situation fr\u00fch erkannt und f\u00fcr jedes Kind ein individuelles Betreuungs- und Unterst\u00fctzungsprogramm ausgearbeitet. Jetzt helfen","og_url":"https:\/\/kerenhajessod.ch\/en\/youth-futures\/","og_site_name":"Keren Hajessod Schweiz","article_publisher":"https:\/\/www.facebook.com\/kerenhajessod\/","article_published_time":"2017-08-16T18:00:15+00:00","article_modified_time":"2023-05-11T13:49:00+00:00","og_image":[{"width":1400,"height":426,"url":"https:\/\/kerenhajessod.ch\/wp-content\/uploads\/2017\/06\/Youth-futures-CIA-slider-kind-v1-project.jpg","type":"image\/jpeg"}],"author":"adminkhnaloo","twitter_card":"summary_large_image","twitter_misc":{"Written by":"adminkhnaloo","Est. reading time":"3 minutes"},"schema":{"@context":"https:\/\/schema.org","@graph":[{"@type":"Article","@id":"https:\/\/kerenhajessod.ch\/en\/youth-futures\/#article","isPartOf":{"@id":"https:\/\/kerenhajessod.ch\/en\/youth-futures\/"},"author":{"name":"adminkhnaloo","@id":"https:\/\/kerenhajessod.ch\/#\/schema\/person\/1ade71ad227dd7b49708263c9d7d7c35"},"headline":"Youth Futures","datePublished":"2017-08-16T18:00:15+00:00","dateModified":"2023-05-11T13:49:00+00:00","mainEntityOfPage":{"@id":"https:\/\/kerenhajessod.ch\/en\/youth-futures\/"},"wordCount":417,"publisher":{"@id":"https:\/\/kerenhajessod.ch\/#organization"},"image":{"@id":"https:\/\/kerenhajessod.ch\/en\/youth-futures\/#primaryimage"},"thumbnailUrl":"https:\/\/kerenhajessod.ch\/wp-content\/uploads\/2017\/06\/Youth-futures-CIA-slider-kind-v1-project.jpg","articleSection":["Projects"],"inLanguage":"en-US"},{"@type":"WebPage","@id":"https:\/\/kerenhajessod.ch\/en\/youth-futures\/","url":"https:\/\/kerenhajessod.ch\/en\/youth-futures\/","name":"Youth Futures &#8226; Keren Hajessod Schweiz","isPartOf":{"@id":"https:\/\/kerenhajessod.ch\/#website"},"primaryImageOfPage":{"@id":"https:\/\/kerenhajessod.ch\/en\/youth-futures\/#primaryimage"},"image":{"@id":"https:\/\/kerenhajessod.ch\/en\/youth-futures\/#primaryimage"},"thumbnailUrl":"https:\/\/kerenhajessod.ch\/wp-content\/uploads\/2017\/06\/Youth-futures-CIA-slider-kind-v1-project.jpg","datePublished":"2017-08-16T18:00:15+00:00","dateModified":"2023-05-11T13:49:00+00:00","breadcrumb":{"@id":"https:\/\/kerenhajessod.ch\/en\/youth-futures\/#breadcrumb"},"inLanguage":"en-US","potentialAction":[{"@type":"ReadAction","target":["https:\/\/kerenhajessod.ch\/en\/youth-futures\/"]}]},{"@type":"ImageObject","inLanguage":"en-US","@id":"https:\/\/kerenhajessod.ch\/en\/youth-futures\/#primaryimage","url":"https:\/\/kerenhajessod.ch\/wp-content\/uploads\/2017\/06\/Youth-futures-CIA-slider-kind-v1-project.jpg","contentUrl":"https:\/\/kerenhajessod.ch\/wp-content\/uploads\/2017\/06\/Youth-futures-CIA-slider-kind-v1-project.jpg","width":1400,"height":426},{"@type":"BreadcrumbList","@id":"https:\/\/kerenhajessod.ch\/en\/youth-futures\/#breadcrumb","itemListElement":[{"@type":"ListItem","position":1,"name":"Startseite","item":"https:\/\/kerenhajessod.ch\/"},{"@type":"ListItem","position":2,"name":"Youth Futures"}]},{"@type":"WebSite","@id":"https:\/\/kerenhajessod.ch\/#website","url":"https:\/\/kerenhajessod.ch\/","name":"Keren Hajessod Schweiz","description":"","publisher":{"@id":"https:\/\/kerenhajessod.ch\/#organization"},"potentialAction":[{"@type":"SearchAction","target":{"@type":"EntryPoint","urlTemplate":"https:\/\/kerenhajessod.ch\/?s={search_term_string}"},"query-input":{"@type":"PropertyValueSpecification","valueRequired":true,"valueName":"search_term_string"}}],"inLanguage":"en-US"},{"@type":"Organization","@id":"https:\/\/kerenhajessod.ch\/#organization","name":"Keren Hajessod Schweiz","url":"https:\/\/kerenhajessod.ch\/","logo":{"@type":"ImageObject","inLanguage":"en-US","@id":"https:\/\/kerenhajessod.ch\/#\/schema\/logo\/image\/","url":"https:\/\/kerenhajessod.ch\/wp-content\/uploads\/2017\/09\/kh_blank_schmal.gif","contentUrl":"https:\/\/kerenhajessod.ch\/wp-content\/uploads\/2017\/09\/kh_blank_schmal.gif","width":1400,"height":334,"caption":"Keren Hajessod Schweiz"},"image":{"@id":"https:\/\/kerenhajessod.ch\/#\/schema\/logo\/image\/"},"sameAs":["https:\/\/www.facebook.com\/kerenhajessod\/","https:\/\/www.youtube.com\/playlist?list=PLanZ4Ba4_lOUcwXTRK7UeXQ6v_AipPIH2"]},{"@type":"Person","@id":"https:\/\/kerenhajessod.ch\/#\/schema\/person\/1ade71ad227dd7b49708263c9d7d7c35","name":"adminkhnaloo","image":{"@type":"ImageObject","inLanguage":"en-US","@id":"https:\/\/kerenhajessod.ch\/#\/schema\/person\/image\/","url":"https:\/\/secure.gravatar.com\/avatar\/79d7eba9afc954fba176e39986a2457e68c57efb937b0cf4da6956a6da148871?s=96&d=mm&r=g","contentUrl":"https:\/\/secure.gravatar.com\/avatar\/79d7eba9afc954fba176e39986a2457e68c57efb937b0cf4da6956a6da148871?s=96&d=mm&r=g","caption":"adminkhnaloo"}}]}},"_links":{"self":[{"href":"https:\/\/kerenhajessod.ch\/en\/wp-json\/wp\/v2\/posts\/884","targetHints":{"allow":["GET"]}}],"collection":[{"href":"https:\/\/kerenhajessod.ch\/en\/wp-json\/wp\/v2\/posts"}],"about":[{"href":"https:\/\/kerenhajessod.ch\/en\/wp-json\/wp\/v2\/types\/post"}],"author":[{"embeddable":true,"href":"https:\/\/kerenhajessod.ch\/en\/wp-json\/wp\/v2\/users\/1"}],"replies":[{"embeddable":true,"href":"https:\/\/kerenhajessod.ch\/en\/wp-json\/wp\/v2\/comments?post=884"}],"version-history":[{"count":0,"href":"https:\/\/kerenhajessod.ch\/en\/wp-json\/wp\/v2\/posts\/884\/revisions"}],"wp:featuredmedia":[{"embeddable":true,"href":"https:\/\/kerenhajessod.ch\/en\/wp-json\/wp\/v2\/media\/3974"}],"wp:attachment":[{"href":"https:\/\/kerenhajessod.ch\/en\/wp-json\/wp\/v2\/media?parent=884"}],"wp:term":[{"taxonomy":"category","embeddable":true,"href":"https:\/\/kerenhajessod.ch\/en\/wp-json\/wp\/v2\/categories?post=884"},{"taxonomy":"post_tag","embeddable":true,"href":"https:\/\/kerenhajessod.ch\/en\/wp-json\/wp\/v2\/tags?post=884"}],"curies":[{"name":"wp","href":"https:\/\/api.w.org\/{rel}","templated":true}]}}